{"id":337,"date":"2026-08-27T09:27:22","date_gmt":"2026-08-27T12:27:22","guid":{"rendered":"https:\/\/ateberisso.com.ar\/?p=337"},"modified":"2026-08-27T09:27:23","modified_gmt":"2026-08-27T12:27:23","slug":"ate-berisso-prepara-una-jornada-especial-por-el-dia-de-la-ninez-en-su-camping","status":"publish","type":"post","link":"https:\/\/ateberisso.com.ar\/index.php\/2026\/08\/27\/ate-berisso-prepara-una-jornada-especial-por-el-dia-de-la-ninez-en-su-camping\/","title":{"rendered":"ATE Berisso prepara una jornada especial por el D\u00eda de la Ni\u00f1ez en su camping"},"content":{"rendered":"\n<p class=\"wp-block-paragraph\">La Seccional ATE Berisso prepara una jornada especial para celebrar el <strong>D\u00eda de la Ni\u00f1ez<\/strong>, destinada a las hijas e hijos de afiliadas y afiliados de la organizaci\u00f3n gremial.<\/p>\n\n\n\n<p class=\"wp-block-paragraph\">La actividad se llevar\u00e1 a cabo el pr\u00f3ximo <strong>6 de septiembre, desde las 14 horas<\/strong>, en el <strong>Camping ATE Berisso, ubicado en Montevideo y 100<\/strong>, donde las familias podr\u00e1n disfrutar de una tarde con juegos, sorpresas y diferentes propuestas recreativas para las y los m\u00e1s chicos.<\/p>\n\n\n\n<p class=\"wp-block-paragraph\">Desde la organizaci\u00f3n destacaron que la jornada busca generar un espacio de encuentro y celebraci\u00f3n para las familias afiliadas, fortaleciendo tambi\u00e9n los v\u00ednculos y la participaci\u00f3n dentro de la comunidad de ATE Berisso.<\/p>\n\n\n\n<p class=\"wp-block-paragraph\">Para facilitar la llegada de las familias, se dispondr\u00e1 de <strong>servicio de micro<\/strong>, con diferentes paradas a consultar previamente. Asimismo, quienes concurran por sus propios medios podr\u00e1n acceder al predio mediante la l\u00ednea <strong>J del 202<\/strong>, mientras que tambi\u00e9n habr\u00e1 estacionamiento para quienes se trasladen en autom\u00f3vil.<\/p>\n\n\n\n<p class=\"wp-block-paragraph\">Las entradas deber\u00e1n reservarse previamente enviando un mensaje al <strong>221 541-4672<\/strong>.<\/p>\n\n\n\n<p class=\"wp-block-paragraph\">Desde ATE Berisso invitaron a todas las familias afiliadas a participar de esta propuesta y compartir una tarde de juegos, alegr\u00eda y encuentro en el Camping de la organizaci\u00f3n.<\/p>\n","protected":false},"excerpt":{"rendered":"<p>La Seccional ATE Berisso prepara una jornada especial para celebrar el D\u00eda de la Ni\u00f1ez, destinada a las hijas e hijos de afiliadas y afiliados de la organizaci\u00f3n gremial. La actividad se llevar\u00e1 a cabo el pr\u00f3ximo 6 de septiembre, desde las 14 horas, en el Camping ATE Berisso, ubicado en Montevideo y 100, donde&#8230;<\/p>\n","protected":false},"author":2,"featured_media":341,"comment_status":"closed","ping_status":"closed","sticky":false,"template":"","format":"standard","meta":{"footnotes":""},"categories":[4],"tags":[],"class_list":["post-337","post","type-post","status-publish","format-standard","has-post-thumbnail","hentry","category-accion-social"],"_links":{"self":[{"href":"https:\/\/ateberisso.com.ar\/index.php\/wp-json\/wp\/v2\/posts\/337","targetHints":{"allow":["GET"]}}],"collection":[{"href":"https:\/\/ateberisso.com.ar\/index.php\/wp-json\/wp\/v2\/posts"}],"about":[{"href":"https:\/\/ateberisso.com.ar\/index.php\/wp-json\/wp\/v2\/types\/post"}],"author":[{"embeddable":true,"href":"https:\/\/ateberisso.com.ar\/index.php\/wp-json\/wp\/v2\/users\/2"}],"replies":[{"embeddable":true,"href":"https:\/\/ateberisso.com.ar\/index.php\/wp-json\/wp\/v2\/comments?post=337"}],"version-history":[{"count":1,"href":"https:\/\/ateberisso.com.ar\/index.php\/wp-json\/wp\/v2\/posts\/337\/revisions"}],"predecessor-version":[{"id":342,"href":"https:\/\/ateberisso.com.ar\/index.php\/wp-json\/wp\/v2\/posts\/337\/revisions\/342"}],"wp:featuredmedia":[{"embeddable":true,"href":"https:\/\/ateberisso.com.ar\/index.php\/wp-json\/wp\/v2\/media\/341"}],"wp:attachment":[{"href":"https:\/\/ateberisso.com.ar\/index.php\/wp-json\/wp\/v2\/media?parent=337"}],"wp:term":[{"taxonomy":"category","embeddable":true,"href":"https:\/\/ateberisso.com.ar\/index.php\/wp-json\/wp\/v2\/categories?post=337"},{"taxonomy":"post_tag","embeddable":true,"href":"https:\/\/ateberisso.com.ar\/index.php\/wp-json\/wp\/v2\/tags?post=337"}],"curies":[{"name":"wp","href":"https:\/\/api.w.org\/{rel}","templated":true}]}}