{"id":338,"date":"2026-08-27T09:24:39","date_gmt":"2026-08-27T12:24:39","guid":{"rendered":"https:\/\/ateberisso.com.ar\/?p=338"},"modified":"2026-08-27T09:24:40","modified_gmt":"2026-08-27T12:24:40","slug":"ate-berisso-solicita-un-dia-de-franco-compensatorio-para-las-y-los-auxiliares-de-educacion","status":"publish","type":"post","link":"https:\/\/ateberisso.com.ar\/index.php\/2026\/08\/27\/ate-berisso-solicita-un-dia-de-franco-compensatorio-para-las-y-los-auxiliares-de-educacion\/","title":{"rendered":"ATE Berisso solicita un d\u00eda de franco compensatorio para las y los auxiliares de educaci\u00f3n"},"content":{"rendered":"\n<p class=\"wp-block-paragraph\">La Seccional ATE Berisso, junto con la Junta Interna de Educaci\u00f3n, solicit\u00f3 al Consejo Escolar del distrito el otorgamiento de <strong>un d\u00eda de franco compensatorio para cada trabajador y trabajadora auxiliar de educaci\u00f3n<\/strong>, como reconocimiento a la tarea esencial que desarrollan diariamente en las instituciones educativas.<\/p>\n\n\n\n<p class=\"wp-block-paragraph\">La propuesta contempla que el beneficio pueda ser utilizado durante lo que resta del ciclo lectivo, mediante una coordinaci\u00f3n previa con cada establecimiento y garantizando en todo momento el normal funcionamiento de las escuelas.<\/p>\n\n\n\n<p class=\"wp-block-paragraph\">El pedido fue planteado durante una reuni\u00f3n de trabajo de la que participaron el secretario general de ATE Berisso, <strong>Juan Carlos Jorajur\u00eda<\/strong>; la secretaria gremial y directora de Derechos Humanos de la Municipalidad de Berisso, <strong>Mara Gonz\u00e1lez<\/strong>; el secretario de Organizaci\u00f3n, <strong>Gerardo Grismau<\/strong>; el secretario de Salud Laboral y consejero escolar, <strong>Jos\u00e9 Herrera<\/strong>; y la secretaria general de la Junta Interna de Educaci\u00f3n, <strong>Laura Lazalde<\/strong>.<\/p>\n\n\n\n<p class=\"wp-block-paragraph\">Durante el encuentro se puso en valor el rol fundamental de las y los auxiliares de educaci\u00f3n, quienes diariamente sostienen tareas indispensables para el funcionamiento de las escuelas, vinculadas a la limpieza, la alimentaci\u00f3n, el cuidado y las condiciones adecuadas para toda la comunidad educativa.<\/p>\n\n\n\n<p class=\"wp-block-paragraph\">Desde ATE Berisso destacaron la importancia de avanzar mediante el <strong>di\u00e1logo y la articulaci\u00f3n institucional<\/strong> para encontrar respuestas concretas a las necesidades de las y los trabajadores. En ese sentido, la organizaci\u00f3n gremial valor\u00f3 la predisposici\u00f3n del presidente del Consejo Escolar de Berisso, <strong>Walter Emeri<\/strong>, y del intendente municipal, <strong>Fabi\u00e1n Cagliardi<\/strong>, para abordar las demandas del sector.<\/p>\n\n\n\n<p class=\"wp-block-paragraph\">Asimismo, ATE Berisso remarc\u00f3 que resulta fundamental sostener espacios de di\u00e1logo entre el Consejo Escolar, el Municipio y las organizaciones sindicales, entendiendo que la construcci\u00f3n conjunta permite fortalecer las condiciones laborales y, al mismo tiempo, <strong>defender y jerarquizar la educaci\u00f3n p\u00fablica<\/strong>.<\/p>\n\n\n\n<p class=\"wp-block-paragraph\">El pedido de un franco compensatorio busca reconocer el compromiso cotidiano de quienes cumplen una funci\u00f3n imprescindible para garantizar el funcionamiento de las escuelas del distrito.<\/p>\n\n\n\n<p class=\"wp-block-paragraph\"><strong>\u201cReconocer y jerarquizar la tarea de las y los auxiliares es tambi\u00e9n defender y fortalecer la escuela p\u00fablica.\u201d<\/strong> <\/p>\n","protected":false},"excerpt":{"rendered":"<p>La Seccional ATE Berisso, junto con la Junta Interna de Educaci\u00f3n, solicit\u00f3 al Consejo Escolar del distrito el otorgamiento de un d\u00eda de franco compensatorio para cada trabajador y trabajadora auxiliar de educaci\u00f3n, como reconocimiento a la tarea esencial que desarrollan diariamente en las instituciones educativas. La propuesta contempla que el beneficio pueda ser utilizado&#8230;<\/p>\n","protected":false},"author":2,"featured_media":339,"comment_status":"closed","ping_status":"closed","sticky":false,"template":"","format":"standard","meta":{"footnotes":""},"categories":[9],"tags":[],"class_list":["post-338","post","type-post","status-publish","format-standard","has-post-thumbnail","hentry","category-gremiales"],"_links":{"self":[{"href":"https:\/\/ateberisso.com.ar\/index.php\/wp-json\/wp\/v2\/posts\/338","targetHints":{"allow":["GET"]}}],"collection":[{"href":"https:\/\/ateberisso.com.ar\/index.php\/wp-json\/wp\/v2\/posts"}],"about":[{"href":"https:\/\/ateberisso.com.ar\/index.php\/wp-json\/wp\/v2\/types\/post"}],"author":[{"embeddable":true,"href":"https:\/\/ateberisso.com.ar\/index.php\/wp-json\/wp\/v2\/users\/2"}],"replies":[{"embeddable":true,"href":"https:\/\/ateberisso.com.ar\/index.php\/wp-json\/wp\/v2\/comments?post=338"}],"version-history":[{"count":1,"href":"https:\/\/ateberisso.com.ar\/index.php\/wp-json\/wp\/v2\/posts\/338\/revisions"}],"predecessor-version":[{"id":340,"href":"https:\/\/ateberisso.com.ar\/index.php\/wp-json\/wp\/v2\/posts\/338\/revisions\/340"}],"wp:featuredmedia":[{"embeddable":true,"href":"https:\/\/ateberisso.com.ar\/index.php\/wp-json\/wp\/v2\/media\/339"}],"wp:attachment":[{"href":"https:\/\/ateberisso.com.ar\/index.php\/wp-json\/wp\/v2\/media?parent=338"}],"wp:term":[{"taxonomy":"category","embeddable":true,"href":"https:\/\/ateberisso.com.ar\/index.php\/wp-json\/wp\/v2\/categories?post=338"},{"taxonomy":"post_tag","embeddable":true,"href":"https:\/\/ateberisso.com.ar\/index.php\/wp-json\/wp\/v2\/tags?post=338"}],"curies":[{"name":"wp","href":"https:\/\/api.w.org\/{rel}","templated":true}]}}