{"id":343,"date":"2026-08-31T14:55:21","date_gmt":"2026-08-31T17:55:21","guid":{"rendered":"https:\/\/ateberisso.com.ar\/?p=343"},"modified":"2026-08-31T14:55:23","modified_gmt":"2026-08-31T17:55:23","slug":"ate-berisso-destaco-el-rol-fundamental-de-las-y-los-auxiliares-de-la-educacion","status":"publish","type":"post","link":"https:\/\/ateberisso.com.ar\/index.php\/2026\/08\/31\/ate-berisso-destaco-el-rol-fundamental-de-las-y-los-auxiliares-de-la-educacion\/","title":{"rendered":"ATE Berisso destac\u00f3 el rol fundamental de las y los auxiliares de la educaci\u00f3n"},"content":{"rendered":"\n<p class=\"wp-block-paragraph\"><strong>Desde la Seccional y la Junta Interna de Delegados y Delegadas de Educaci\u00f3n saludaron a las trabajadoras y trabajadores en su d\u00eda y reivindicaron su tarea cotidiana para el sostenimiento de la escuela p\u00fablica.<\/strong><\/p>\n\n\n\n<p class=\"wp-block-paragraph\">En el marco del D\u00eda de las y los Trabajadores Auxiliares de la Educaci\u00f3n, la Comisi\u00f3n Administrativa de ATE Berisso y su Junta Interna de Delegados y Delegadas de Educaci\u00f3n hicieron llegar un especial saludo a quienes desempe\u00f1an esta tarea fundamental en las instituciones educativas de la ciudad.<\/p>\n\n\n\n<p class=\"wp-block-paragraph\">Desde la organizaci\u00f3n sindical destacaron especialmente el rol que cumplen las y los auxiliares en el sostenimiento, el cuidado y la log\u00edstica de las escuelas, contribuyendo diariamente a garantizar espacios adecuados para el desarrollo de las actividades educativas y el acompa\u00f1amiento de las ni\u00f1eces.<\/p>\n\n\n\n<p class=\"wp-block-paragraph\">ATE Berisso remarc\u00f3 que la labor de las y los auxiliares excede ampliamente las tareas cotidianas que realizan en cada establecimiento, ya que forman parte fundamental de la comunidad educativa y resultan indispensables para el funcionamiento de las instituciones.<\/p>\n\n\n\n<p class=\"wp-block-paragraph\">En ese sentido, desde la Seccional se\u00f1alaron que <strong>no hay escuela p\u00fablica sin el protagonismo de las y los auxiliares<\/strong>, reivindicando el compromiso, la responsabilidad y el esfuerzo que ponen diariamente al servicio de la educaci\u00f3n p\u00fablica.<\/p>\n\n\n\n<p class=\"wp-block-paragraph\">Asimismo, destacaron la importancia de continuar jerarquizando el trabajo de este sector, defendiendo sus derechos laborales y reconociendo su aporte esencial para que las escuelas puedan desarrollar sus actividades y acompa\u00f1ar la formaci\u00f3n de las nuevas generaciones.<\/p>\n\n\n\n<p class=\"wp-block-paragraph\">Desde ATE Berisso hicieron extensivo el saludo a todas las trabajadoras y trabajadores auxiliares de la educaci\u00f3n de la ciudad, reconociendo su compromiso cotidiano y renovando el acompa\u00f1amiento de la organizaci\u00f3n sindical en la defensa de sus derechos y de una escuela p\u00fablica de calidad.<\/p>\n","protected":false},"excerpt":{"rendered":"<p>Desde la Seccional y la Junta Interna de Delegados y Delegadas de Educaci\u00f3n saludaron a las trabajadoras y trabajadores en su d\u00eda y reivindicaron su tarea cotidiana para el sostenimiento de la escuela p\u00fablica. En el marco del D\u00eda de las y los Trabajadores Auxiliares de la Educaci\u00f3n, la Comisi\u00f3n Administrativa de ATE Berisso y&#8230;<\/p>\n","protected":false},"author":2,"featured_media":347,"comment_status":"closed","ping_status":"closed","sticky":false,"template":"","format":"standard","meta":{"footnotes":""},"categories":[13],"tags":[],"class_list":["post-343","post","type-post","status-publish","format-standard","has-post-thumbnail","hentry","category-institucional"],"_links":{"self":[{"href":"https:\/\/ateberisso.com.ar\/index.php\/wp-json\/wp\/v2\/posts\/343","targetHints":{"allow":["GET"]}}],"collection":[{"href":"https:\/\/ateberisso.com.ar\/index.php\/wp-json\/wp\/v2\/posts"}],"about":[{"href":"https:\/\/ateberisso.com.ar\/index.php\/wp-json\/wp\/v2\/types\/post"}],"author":[{"embeddable":true,"href":"https:\/\/ateberisso.com.ar\/index.php\/wp-json\/wp\/v2\/users\/2"}],"replies":[{"embeddable":true,"href":"https:\/\/ateberisso.com.ar\/index.php\/wp-json\/wp\/v2\/comments?post=343"}],"version-history":[{"count":1,"href":"https:\/\/ateberisso.com.ar\/index.php\/wp-json\/wp\/v2\/posts\/343\/revisions"}],"predecessor-version":[{"id":348,"href":"https:\/\/ateberisso.com.ar\/index.php\/wp-json\/wp\/v2\/posts\/343\/revisions\/348"}],"wp:featuredmedia":[{"embeddable":true,"href":"https:\/\/ateberisso.com.ar\/index.php\/wp-json\/wp\/v2\/media\/347"}],"wp:attachment":[{"href":"https:\/\/ateberisso.com.ar\/index.php\/wp-json\/wp\/v2\/media?parent=343"}],"wp:term":[{"taxonomy":"category","embeddable":true,"href":"https:\/\/ateberisso.com.ar\/index.php\/wp-json\/wp\/v2\/categories?post=343"},{"taxonomy":"post_tag","embeddable":true,"href":"https:\/\/ateberisso.com.ar\/index.php\/wp-json\/wp\/v2\/tags?post=343"}],"curies":[{"name":"wp","href":"https:\/\/api.w.org\/{rel}","templated":true}]}}