{"id":344,"date":"2026-08-31T14:53:20","date_gmt":"2026-08-31T17:53:20","guid":{"rendered":"https:\/\/ateberisso.com.ar\/?p=344"},"modified":"2026-08-31T14:53:21","modified_gmt":"2026-08-31T17:53:21","slug":"ate-berisso-y-la-cta-autonoma-se-movilizaron-en-defensa-de-la-base-aeronaval-de-punta-indio","status":"publish","type":"post","link":"https:\/\/ateberisso.com.ar\/index.php\/2026\/08\/31\/ate-berisso-y-la-cta-autonoma-se-movilizaron-en-defensa-de-la-base-aeronaval-de-punta-indio\/","title":{"rendered":"ATE Berisso y la CTA Aut\u00f3noma se movilizaron en defensa de la Base Aeronaval de Punta Indio"},"content":{"rendered":"\n<p class=\"wp-block-paragraph\"><strong>La organizaci\u00f3n sindical expres\u00f3 su en\u00e9rgico rechazo al cierre de la Base Aeronaval y advirti\u00f3 sobre el impacto que la medida tendr\u00eda sobre las fuentes laborales, la econom\u00eda regional y las capacidades estrat\u00e9gicas del Estado.<\/strong><\/p>\n\n\n\n<p class=\"wp-block-paragraph\">La CTA Aut\u00f3noma Regional Berisso y ATE Seccional Berisso participaron de una movilizaci\u00f3n en defensa del pueblo de Punta Indio y en rechazo al cierre de la Base Aeronaval, una medida impulsada por el Gobierno Nacional que genera preocupaci\u00f3n entre los trabajadores y las comunidades de la regi\u00f3n.<\/p>\n\n\n\n<p class=\"wp-block-paragraph\">Desde las organizaciones sindicales se\u00f1alaron que el cierre de la base representa una amenaza concreta para las fuentes laborales de decenas de familias y puede generar un fuerte impacto sobre el entramado social y econ\u00f3mico de Punta Indio y Ver\u00f3nica.<\/p>\n\n\n\n<p class=\"wp-block-paragraph\">En ese sentido, remarcaron que la posible p\u00e9rdida de esta instalaci\u00f3n estrat\u00e9gica no afecta \u00fanicamente a trabajadores civiles y militares, sino que tambi\u00e9n implica un retroceso en las capacidades del Estado y en materia de soberan\u00eda y defensa nacional, particularmente por la importancia estrat\u00e9gica de la zona vinculada a la cuenca del R\u00edo de la Plata.<\/p>\n\n\n\n<p class=\"wp-block-paragraph\">Durante la jornada, ATE Berisso y la CTA Aut\u00f3noma reclamaron respuestas urgentes por parte de las autoridades nacionales y cuestionaron las pol\u00edticas de ajuste y reducci\u00f3n de las capacidades estatales.<\/p>\n\n\n\n<p class=\"wp-block-paragraph\">\u201c<strong>La base no se cierra<\/strong>\u201d fue una de las consignas que atraves\u00f3 la movilizaci\u00f3n, que tuvo como objetivo visibilizar la preocupaci\u00f3n de los trabajadores y acompa\u00f1ar el reclamo de la comunidad de Punta Indio frente a la posibilidad de que se avance con el cierre de la instalaci\u00f3n.<\/p>\n\n\n\n<p class=\"wp-block-paragraph\">Desde ATE Berisso ratificaron su solidaridad con los trabajadores y vecinos de Punta Indio y Ver\u00f3nica, y destacaron la necesidad de sostener la unidad para defender las fuentes laborales, las capacidades estrat\u00e9gicas del Estado y el desarrollo de las comunidades.<\/p>\n\n\n\n<p class=\"wp-block-paragraph\">La organizaci\u00f3n sindical sostuvo que continuar\u00e1 acompa\u00f1ando las acciones que se impulsen en defensa de la Base Aeronaval y frente a cualquier medida que implique el desmantelamiento de estructuras estatales y la p\u00e9rdida de puestos de trabajo en la regi\u00f3n.<\/p>\n\n\n\n<p class=\"wp-block-paragraph\"><\/p>\n","protected":false},"excerpt":{"rendered":"<p>La organizaci\u00f3n sindical expres\u00f3 su en\u00e9rgico rechazo al cierre de la Base Aeronaval y advirti\u00f3 sobre el impacto que la medida tendr\u00eda sobre las fuentes laborales, la econom\u00eda regional y las capacidades estrat\u00e9gicas del Estado. La CTA Aut\u00f3noma Regional Berisso y ATE Seccional Berisso participaron de una movilizaci\u00f3n en defensa del pueblo de Punta Indio&#8230;<\/p>\n","protected":false},"author":2,"featured_media":345,"comment_status":"closed","ping_status":"closed","sticky":false,"template":"","format":"standard","meta":{"footnotes":""},"categories":[9],"tags":[],"class_list":["post-344","post","type-post","status-publish","format-standard","has-post-thumbnail","hentry","category-gremiales"],"_links":{"self":[{"href":"https:\/\/ateberisso.com.ar\/index.php\/wp-json\/wp\/v2\/posts\/344","targetHints":{"allow":["GET"]}}],"collection":[{"href":"https:\/\/ateberisso.com.ar\/index.php\/wp-json\/wp\/v2\/posts"}],"about":[{"href":"https:\/\/ateberisso.com.ar\/index.php\/wp-json\/wp\/v2\/types\/post"}],"author":[{"embeddable":true,"href":"https:\/\/ateberisso.com.ar\/index.php\/wp-json\/wp\/v2\/users\/2"}],"replies":[{"embeddable":true,"href":"https:\/\/ateberisso.com.ar\/index.php\/wp-json\/wp\/v2\/comments?post=344"}],"version-history":[{"count":1,"href":"https:\/\/ateberisso.com.ar\/index.php\/wp-json\/wp\/v2\/posts\/344\/revisions"}],"predecessor-version":[{"id":346,"href":"https:\/\/ateberisso.com.ar\/index.php\/wp-json\/wp\/v2\/posts\/344\/revisions\/346"}],"wp:featuredmedia":[{"embeddable":true,"href":"https:\/\/ateberisso.com.ar\/index.php\/wp-json\/wp\/v2\/media\/345"}],"wp:attachment":[{"href":"https:\/\/ateberisso.com.ar\/index.php\/wp-json\/wp\/v2\/media?parent=344"}],"wp:term":[{"taxonomy":"category","embeddable":true,"href":"https:\/\/ateberisso.com.ar\/index.php\/wp-json\/wp\/v2\/categories?post=344"},{"taxonomy":"post_tag","embeddable":true,"href":"https:\/\/ateberisso.com.ar\/index.php\/wp-json\/wp\/v2\/tags?post=344"}],"curies":[{"name":"wp","href":"https:\/\/api.w.org\/{rel}","templated":true}]}}